{"id":8,"date":"2014-09-06T08:20:57","date_gmt":"2014-09-06T06:20:57","guid":{"rendered":"http:\/\/bigbandgarros.fr\/?p=8"},"modified":"2017-09-21T11:32:16","modified_gmt":"2017-09-21T09:32:16","slug":"concerts-de-lete","status":"publish","type":"post","link":"http:\/\/bigbandgarros.fr\/?p=8","title":{"rendered":"Concerts de l&rsquo;\u00e9t\u00e9 2014"},"content":{"rendered":"<div style=\"background-image: url('http:\/\/bigbandgarros.fr\/wp-content\/uploads\/2014\/09\/actufond.gif'); background-attachment: fixed; background-repeat: repeat-y; width: 100%; padding: 0px; background-position: center center; text-align: center;\">\n<hr \/>\n<p>&#8230;Les concerts de l&rsquo;\u00e9t\u00e9 2014!&#8230;<\/p>\n<div style=\"text-align: center;\">\n<ul>\n<li style=\"text-align: left;\"><big><big><small><span style=\"font-style: italic;\">Vendredi 15 ao\u00fbt<\/span> : Concert \u00e0 Honfleur au grenier \u00e0 sel. \u00ab Hommage \u00e0 Duke Ellington, Count Basie et Glenn Miller \u00bb \u00e0 20h30.<img loading=\"lazy\" decoding=\"async\" style=\"float: right;\" title=\"Le Big Band Christian Garros, photo Jerome Lallier\" src=\"http:\/\/bigbandgarros.fr\/wp-content\/uploads\/2014\/09\/BigBandCG2014jLALLIER-101-S.jpg\" alt=\"BigBandCG2014jLALLIER-101-S\" width=\"300\" height=\"211\" hspace=\"11\" \/><\/small><\/big><\/big><\/li>\n<li style=\"text-align: left;\"><big><big><small><span style=\"font-style: italic;\">Samedi 23 ao\u00fbt<\/span> : concert lib\u00e9ration d&rsquo;Evreux, \u00e0 20h30 \u00e0 l&rsquo;hotel de ville, avec Marc Thomas &amp; C\u00e9cile N&rsquo;D\u00e9bi.<\/small><\/big><\/big><\/li>\n<li style=\"text-align: left;\"><big><big><small><span style=\"font-style: italic;\">Samedi 30 ao\u00fbt<\/span> : concert \u00e0 Rouen, parvis de l&rsquo;hotel de ville, \u00e0 20h30. Pour les 70 ans de la lib\u00e9ration. Avec Marc Thomas &amp; C\u00e9cile N&rsquo;D\u00e9bi.<\/small><\/big><\/big><\/li>\n<li style=\"text-align: left;\"><big><big><small><span style=\"font-style: italic;\">Dimanche 31 ao\u00fbt<\/span> : Concert au Colombier de Pavilly en plein air \u00e0 15 heures. Pour les 70 ans de la lib\u00e9ration.<\/small><\/big><\/big><\/li>\n<\/ul>\n<p><big><big><small>Avec C\u00e9cile N&rsquo;D\u00e9bi et Marc Thomas.<\/small><\/big><\/big><\/p>\n<\/div>\n<p><span style=\"font-weight: bold;\"><img decoding=\"async\" style=\"width: 207px; height: 309px; float: left;\" title=\"C\u00e9cile N'D\u00e9bi, chanteuse!\" src=\"http:\/\/bigbandgarros.fr\/wp-content\/uploads\/2014\/09\/Big-Band-Christian-Garros-le-03-04-2014-\u00ae-Jerome-LALLIER-9.jpg\" alt=\"Cecile ndebi\" align=\"left\" \/><img decoding=\"async\" style=\"width: 200px; height: 302px; float: right;\" title=\"Marc Thomas, vocaliste!\" src=\"http:\/\/bigbandgarros.fr\/wp-content\/uploads\/2014\/09\/marcthomas-r.jpg\" alt=\"marcthomas\" align=\"right\" \/><\/span><\/p>\n<div style=\"text-align: center;\">Chaud, l&rsquo;\u00e9t\u00e9!&#8230;.<\/div>\n<div style=\"text-align: center;\"><span style=\"color: #ffffff;\">.<\/span><\/div>\n<div style=\"text-align: center;\"><span style=\"color: #ffffff;\">.<\/span><\/div>\n<div style=\"text-align: center;\"><span style=\"color: #ffffff;\">.<\/span><\/div>\n<div style=\"text-align: center;\"><span style=\"color: #ffffff;\">.<\/span><\/div>\n<div style=\"text-align: center;\"><span style=\"color: #ffffff;\">.<\/span><\/div>\n<div style=\"text-align: center;\"><span style=\"color: #ffffff;\">.<\/span><\/div>\n<div style=\"text-align: center;\"><span style=\"color: #ffffff;\">.<\/span><\/div>\n<div style=\"text-align: center;\"><span style=\"color: #ffffff;\">.<\/span><\/div>\n<div style=\"text-align: center;\"><span style=\"color: #ffffff;\">.<\/span><\/div>\n<div style=\"text-align: center;\"><span style=\"color: #ffffff;\">.<\/span><\/div>\n<div style=\"text-align: center;\"><span style=\"color: #ffffff;\">.<\/span><\/div>\n<div style=\"text-align: center;\"><span style=\"color: #ffffff;\">.<\/span><\/div>\n<div style=\"text-align: center;\"><span style=\"color: #ffffff;\">.<\/span><\/div>\n<div style=\"text-align: center;\">\u00a0<\/div>\n<p>&#8230;et retrouvez le \u00ab\u00a0son\u00a0\u00bb du big band avec le CD <span style=\"font-style: italic;\">\u00ab\u00a0Live \u00e0 l&rsquo;Arch\u00e9o\u00a0\u00bb<\/span>!&#8230;<\/p>\n<div style=\"width: 24%; float: left;\">Le CD<br \/>\n <span style=\"font-style: italic;\">\u00ab\u00a0Live \u00e0 l&rsquo;Arch\u00e9o\u00a0\u00bb<\/span><small><small> <\/small><\/small><br \/>\n a \u00e9t\u00e9 enregistr\u00e9 en concert \u00e0 \u00ab\u00a0l&rsquo;Arch\u00e9ojazz festival\u00a0\u00bb de Blainville-Crevon (76)<\/div>\n<p><img loading=\"lazy\" decoding=\"async\" class=\"alignnone\" style=\"width: 175px; height: 172px; margin-left: 15px;\" title=\"visuel du CD live \u00e0 l'arch\u00e9o du Big band C Garros\" src=\"http:\/\/bigbandgarros.fr\/wp-content\/uploads\/2014\/09\/CDLive1.jpg\" alt=\"cdlive\" width=\"679\" height=\"668\" \/> <img decoding=\"async\" style=\"width: 244px; height: 177px; float: right;\" title=\"big band Christian Garros, les sections en action!\" src=\"http:\/\/bigbandgarros.fr\/wp-content\/uploads\/2014\/09\/bbcgarrosalt.jpg\" alt=\"bbcg\" \/><\/p>\n<\/div>\n","protected":false},"excerpt":{"rendered":"<p>&#8230;Les concerts de l&rsquo;\u00e9t\u00e9 2014!&#8230; Vendredi 15 ao\u00fbt : Concert \u00e0 Honfleur au grenier \u00e0 sel. \u00ab Hommage \u00e0 Duke Ellington, Count Basie et Glenn Miller \u00bb \u00e0 20h30. Samedi 23 ao\u00fbt : concert lib\u00e9ration d&rsquo;Evreux, \u00e0 20h30&#8230; <a class=\"read-more\" href=\"http:\/\/bigbandgarros.fr\/?p=8\">Read More<\/a><\/p>\n","protected":false},"author":1,"featured_media":0,"comment_status":"closed","ping_status":"closed","sticky":false,"template":"","format":"standard","meta":{"footnotes":""},"categories":[3],"tags":[],"class_list":["post-8","post","type-post","status-publish","format-standard","hentry","category-ac"],"_links":{"self":[{"href":"http:\/\/bigbandgarros.fr\/index.php?rest_route=\/wp\/v2\/posts\/8","targetHints":{"allow":["GET"]}}],"collection":[{"href":"http:\/\/bigbandgarros.fr\/index.php?rest_route=\/wp\/v2\/posts"}],"about":[{"href":"http:\/\/bigbandgarros.fr\/index.php?rest_route=\/wp\/v2\/types\/post"}],"author":[{"embeddable":true,"href":"http:\/\/bigbandgarros.fr\/index.php?rest_route=\/wp\/v2\/users\/1"}],"replies":[{"embeddable":true,"href":"http:\/\/bigbandgarros.fr\/index.php?rest_route=%2Fwp%2Fv2%2Fcomments&post=8"}],"version-history":[{"count":13,"href":"http:\/\/bigbandgarros.fr\/index.php?rest_route=\/wp\/v2\/posts\/8\/revisions"}],"predecessor-version":[{"id":236,"href":"http:\/\/bigbandgarros.fr\/index.php?rest_route=\/wp\/v2\/posts\/8\/revisions\/236"}],"wp:attachment":[{"href":"http:\/\/bigbandgarros.fr\/index.php?rest_route=%2Fwp%2Fv2%2Fmedia&parent=8"}],"wp:term":[{"taxonomy":"category","embeddable":true,"href":"http:\/\/bigbandgarros.fr\/index.php?rest_route=%2Fwp%2Fv2%2Fcategories&post=8"},{"taxonomy":"post_tag","embeddable":true,"href":"http:\/\/bigbandgarros.fr\/index.php?rest_route=%2Fwp%2Fv2%2Ftags&post=8"}],"curies":[{"name":"wp","href":"https:\/\/api.w.org\/{rel}","templated":true}]}}