{"id":333,"date":"2022-07-28T22:14:35","date_gmt":"2022-07-28T20:14:35","guid":{"rendered":"http:\/\/bigbandgarros.fr\/?p=333"},"modified":"2023-01-02T15:25:29","modified_gmt":"2023-01-02T14:25:29","slug":"le-big-band-avec-cecile-ndebi","status":"publish","type":"post","link":"http:\/\/bigbandgarros.fr\/?p=333","title":{"rendered":"17 juin 2022  \/ Le Big Band avec C\u00e9cile N&rsquo;D\u00e9bi!"},"content":{"rendered":"\n<p>Vendredi 17 juin 2022 \u00e0 21 heures salle de spectacle du casino de Dieppe<\/p>\n\n\n\n<p>Le Big Band Christian Garros sera en concert!<\/p>\n\n\n\n<p>17 musiciens, direction R\u00e9mi Biet &amp; Philippe Carment, <\/p>\n\n\n\n<p>C\u00e9cile N&rsquo;D\u00e9bi au chant !<\/p>\n\n\n\n<figure class=\"wp-block-image size-large\"><a href=\"http:\/\/bigbandgarros.fr\/wp-content\/uploads\/2022\/07\/285718232_419918923472630_1755476391392860529_n.jpg\"><img loading=\"lazy\" decoding=\"async\" width=\"1024\" height=\"560\" src=\"http:\/\/bigbandgarros.fr\/wp-content\/uploads\/2022\/07\/285718232_419918923472630_1755476391392860529_n-1024x560.jpg\" alt=\"\" class=\"wp-image-334\" srcset=\"http:\/\/bigbandgarros.fr\/wp-content\/uploads\/2022\/07\/285718232_419918923472630_1755476391392860529_n-1024x560.jpg 1024w, http:\/\/bigbandgarros.fr\/wp-content\/uploads\/2022\/07\/285718232_419918923472630_1755476391392860529_n-300x164.jpg 300w, http:\/\/bigbandgarros.fr\/wp-content\/uploads\/2022\/07\/285718232_419918923472630_1755476391392860529_n-768x420.jpg 768w, http:\/\/bigbandgarros.fr\/wp-content\/uploads\/2022\/07\/285718232_419918923472630_1755476391392860529_n-1536x840.jpg 1536w, http:\/\/bigbandgarros.fr\/wp-content\/uploads\/2022\/07\/285718232_419918923472630_1755476391392860529_n.jpg 2048w\" sizes=\"auto, (max-width: 1024px) 100vw, 1024px\" \/><\/a><\/figure>\n\n\n\n<p class=\"has-text-align-right\">(photo Laurent Meyer)<\/p>\n","protected":false},"excerpt":{"rendered":"<p>Vendredi 17 juin 2022 \u00e0 21 heures salle de spectacle du casino de Dieppe Le Big Band Christian Garros sera en concert! 17 musiciens, direction R\u00e9mi Biet &amp; Philippe Carment, C\u00e9cile N&rsquo;D\u00e9bi au chant ! (photo Laurent Meyer)<\/p>\n","protected":false},"author":5,"featured_media":0,"comment_status":"closed","ping_status":"closed","sticky":false,"template":"","format":"standard","meta":{"footnotes":""},"categories":[3],"tags":[],"class_list":["post-333","post","type-post","status-publish","format-standard","hentry","category-ac"],"_links":{"self":[{"href":"http:\/\/bigbandgarros.fr\/index.php?rest_route=\/wp\/v2\/posts\/333","targetHints":{"allow":["GET"]}}],"collection":[{"href":"http:\/\/bigbandgarros.fr\/index.php?rest_route=\/wp\/v2\/posts"}],"about":[{"href":"http:\/\/bigbandgarros.fr\/index.php?rest_route=\/wp\/v2\/types\/post"}],"author":[{"embeddable":true,"href":"http:\/\/bigbandgarros.fr\/index.php?rest_route=\/wp\/v2\/users\/5"}],"replies":[{"embeddable":true,"href":"http:\/\/bigbandgarros.fr\/index.php?rest_route=%2Fwp%2Fv2%2Fcomments&post=333"}],"version-history":[{"count":5,"href":"http:\/\/bigbandgarros.fr\/index.php?rest_route=\/wp\/v2\/posts\/333\/revisions"}],"predecessor-version":[{"id":339,"href":"http:\/\/bigbandgarros.fr\/index.php?rest_route=\/wp\/v2\/posts\/333\/revisions\/339"}],"wp:attachment":[{"href":"http:\/\/bigbandgarros.fr\/index.php?rest_route=%2Fwp%2Fv2%2Fmedia&parent=333"}],"wp:term":[{"taxonomy":"category","embeddable":true,"href":"http:\/\/bigbandgarros.fr\/index.php?rest_route=%2Fwp%2Fv2%2Fcategories&post=333"},{"taxonomy":"post_tag","embeddable":true,"href":"http:\/\/bigbandgarros.fr\/index.php?rest_route=%2Fwp%2Fv2%2Ftags&post=333"}],"curies":[{"name":"wp","href":"https:\/\/api.w.org\/{rel}","templated":true}]}}