{"id":187,"date":"2016-11-07T23:01:05","date_gmt":"2016-11-07T22:01:05","guid":{"rendered":"http:\/\/bigbandgarros.fr\/?p=187"},"modified":"2017-02-14T12:13:56","modified_gmt":"2017-02-14T11:13:56","slug":"la-ville-dharfleur-presente","status":"publish","type":"post","link":"http:\/\/bigbandgarros.fr\/?p=187","title":{"rendered":"La ville d&rsquo;Harfleur pr\u00e9sente!"},"content":{"rendered":"<p style=\"text-align: left;\">Le samedi 3 d\u00e9cembre<em> Harfleur<\/em>&#8230;<\/p>\n<p style=\"text-align: right;\">&#8230;invite le <em>Big Band Christian Garros<\/em> \u00e0 <em>la Forge, <\/em>la salle de spectacle du centre culturel. Concert gratuit \u00e0 20h30!<a href=\"http:\/\/bigbandgarros.fr\/wp-content\/uploads\/2016\/11\/Big-Band-Christian-Garros-le-03-04-2014-\u00ae-Jerome-LALLIER-101-e1478556640652.jpg\"><img loading=\"lazy\" decoding=\"async\" class=\"size-medium wp-image-189 aligncenter\" src=\"http:\/\/bigbandgarros.fr\/wp-content\/uploads\/2016\/11\/Big-Band-Christian-Garros-le-03-04-2014-\u00ae-Jerome-LALLIER-101-e1478556640652-300x103.jpg\" alt=\"Big Band Christian GARROS jeudi 30\/04\/2014 salle Beaumarchais \u00e0 Maromme.\u00a9 J\u00e9r\u00f4me LALLIER\" width=\"300\" height=\"103\" srcset=\"http:\/\/bigbandgarros.fr\/wp-content\/uploads\/2016\/11\/Big-Band-Christian-Garros-le-03-04-2014-\u00ae-Jerome-LALLIER-101-e1478556640652-300x103.jpg 300w, http:\/\/bigbandgarros.fr\/wp-content\/uploads\/2016\/11\/Big-Band-Christian-Garros-le-03-04-2014-\u00ae-Jerome-LALLIER-101-e1478556640652-768x263.jpg 768w, http:\/\/bigbandgarros.fr\/wp-content\/uploads\/2016\/11\/Big-Band-Christian-Garros-le-03-04-2014-\u00ae-Jerome-LALLIER-101-e1478556640652-1024x350.jpg 1024w, http:\/\/bigbandgarros.fr\/wp-content\/uploads\/2016\/11\/Big-Band-Christian-Garros-le-03-04-2014-\u00ae-Jerome-LALLIER-101-e1478556640652-624x213.jpg 624w, http:\/\/bigbandgarros.fr\/wp-content\/uploads\/2016\/11\/Big-Band-Christian-Garros-le-03-04-2014-\u00ae-Jerome-LALLIER-101-e1478556640652.jpg 1568w\" sizes=\"auto, (max-width: 300px) 100vw, 300px\" \/><\/a><\/p>\n<p style=\"text-align: center;\">Centre culturel La Forge \u2003<br \/>rue Fr\u00e9d\u00e9ric Chopin, 76700 Harfleur<\/p>\n<p style=\"text-align: center;\">R\u00e9servations (obligatoires ) au:<br \/>02 35 13 30 09<\/p>\n","protected":false},"excerpt":{"rendered":"<p>Le samedi 3 d\u00e9cembre Harfleur&#8230; &#8230;invite le Big Band Christian Garros \u00e0 la Forge, la salle de spectacle du centre culturel. Concert gratuit \u00e0 20h30! Centre culturel La Forge \u2003rue Fr\u00e9d\u00e9ric Chopin, 76700 Harfleur R\u00e9servations (obligatoires ) au:02&#8230; <a class=\"read-more\" href=\"http:\/\/bigbandgarros.fr\/?p=187\">Read More<\/a><\/p>\n","protected":false},"author":5,"featured_media":0,"comment_status":"closed","ping_status":"open","sticky":false,"template":"","format":"standard","meta":{"footnotes":""},"categories":[3],"tags":[],"class_list":["post-187","post","type-post","status-publish","format-standard","hentry","category-ac"],"_links":{"self":[{"href":"http:\/\/bigbandgarros.fr\/index.php?rest_route=\/wp\/v2\/posts\/187","targetHints":{"allow":["GET"]}}],"collection":[{"href":"http:\/\/bigbandgarros.fr\/index.php?rest_route=\/wp\/v2\/posts"}],"about":[{"href":"http:\/\/bigbandgarros.fr\/index.php?rest_route=\/wp\/v2\/types\/post"}],"author":[{"embeddable":true,"href":"http:\/\/bigbandgarros.fr\/index.php?rest_route=\/wp\/v2\/users\/5"}],"replies":[{"embeddable":true,"href":"http:\/\/bigbandgarros.fr\/index.php?rest_route=%2Fwp%2Fv2%2Fcomments&post=187"}],"version-history":[{"count":8,"href":"http:\/\/bigbandgarros.fr\/index.php?rest_route=\/wp\/v2\/posts\/187\/revisions"}],"predecessor-version":[{"id":196,"href":"http:\/\/bigbandgarros.fr\/index.php?rest_route=\/wp\/v2\/posts\/187\/revisions\/196"}],"wp:attachment":[{"href":"http:\/\/bigbandgarros.fr\/index.php?rest_route=%2Fwp%2Fv2%2Fmedia&parent=187"}],"wp:term":[{"taxonomy":"category","embeddable":true,"href":"http:\/\/bigbandgarros.fr\/index.php?rest_route=%2Fwp%2Fv2%2Fcategories&post=187"},{"taxonomy":"post_tag","embeddable":true,"href":"http:\/\/bigbandgarros.fr\/index.php?rest_route=%2Fwp%2Fv2%2Ftags&post=187"}],"curies":[{"name":"wp","href":"https:\/\/api.w.org\/{rel}","templated":true}]}}